{"id":388,"date":"2026-05-02T06:57:05","date_gmt":"2026-05-02T06:57:05","guid":{"rendered":"https:\/\/marondin.com\/blogradio\/?p=388"},"modified":"2026-05-02T07:02:52","modified_gmt":"2026-05-02T07:02:52","slug":"la-forma-correcta-de-pensar-en-lo-que-queremos","status":"publish","type":"post","link":"https:\/\/marondin.com\/blogradio\/la-forma-correcta-de-pensar-en-lo-que-queremos\/","title":{"rendered":"LA FORMA CORRECTA DE PENSAR EN LO QUE QUEREMOS."},"content":{"rendered":"\n<figure class=\"wp-block-gallery has-nested-images columns-default is-cropped wp-block-gallery-1 is-layout-flex wp-block-gallery-is-layout-flex\">\n<figure class=\"wp-block-image size-full\"><a href=\"https:\/\/marondin.com\/blogradio\/wp-content\/uploads\/2026\/03\/photo_2026-03-07_20-38-01.jpg\"><img loading=\"lazy\" decoding=\"async\" width=\"698\" height=\"293\" data-id=\"264\" src=\"https:\/\/marondin.com\/blogradio\/wp-content\/uploads\/2026\/03\/photo_2026-03-07_20-38-01.jpg\" alt=\"\" class=\"wp-image-264\" srcset=\"https:\/\/marondin.com\/blogradio\/wp-content\/uploads\/2026\/03\/photo_2026-03-07_20-38-01.jpg 698w, https:\/\/marondin.com\/blogradio\/wp-content\/uploads\/2026\/03\/photo_2026-03-07_20-38-01-300x126.jpg 300w, https:\/\/marondin.com\/blogradio\/wp-content\/uploads\/2026\/03\/photo_2026-03-07_20-38-01-500x210.jpg 500w\" sizes=\"auto, (max-width: 698px) 100vw, 698px\" \/><\/a><\/figure>\n<\/figure>\n\n\n\n<script type=\"text\/javascript\" src=\"https:\/\/contador.websiteout.com\/js\/5\/5\/1122\/0\"><\/script>\n\n\n\n<p class=\"has-background has-medium-font-size\" style=\"background-color:#c9e3e9\">Tu vida son de tus im\u00e1genes, tus <strong>IMAGINACIONES<\/strong> , expresadas en cosas f\u00edsicas. M\u00e1s precisamente, es la <strong>manifestaci\u00f3n<\/strong> en el mundo f\u00edsico de las visiones en las que m\u00e1s <strong>crees<\/strong>, buenas y malas, <strong>conscientes \u00f3 inconscientes.<\/strong><\/p>\n\n\n\n<p class=\"has-medium-font-size\"><strong>Entusi\u00e1smate<\/strong> con tus im\u00e1genes. <strong>Energ\u00edzalas<\/strong> con emociones positivas. Las emociones son energ\u00eda en movimiento. La <strong>gratitud<\/strong> es una de las m\u00e1s poderosas de estas emociones. <strong>Inc\u00falcale a cada c\u00e9lula de tu cuerpo  tus im\u00e1genes.<\/strong><\/p>\n\n\n\n<p class=\"has-background has-medium-font-size\" style=\"background-color:#c9e3e9\"><strong>Infunde a cada c\u00e9lula de tu cuerpo<\/strong> con la <em><strong>gratitud<\/strong><\/em> de que ya has <strong>alcanzado<\/strong> tu meta, aunque no la est\u00e9s experimentando en este momento. La has recibido autom\u00e1ticamente a trav\u00e9s de las <strong>perfectas<\/strong> leyes del universo(antes de que lo pidas ya se te ha concedido).<\/p>\n\n\n\n<p class=\"has-medium-font-size\">Cuando act\u00faes, <strong>recuerda ponerle esta misma energ\u00eda a tus acciones<\/strong>. La mente consciente <strong>crea impresiones en el subconsciente.<\/strong> Lo hace a trav\u00e9s de la <strong>repetici\u00f3n<\/strong>. La mente subconsciente expresa luego esas im\u00e1genes o cual causa una <strong>expresi\u00f3n en la manifestaci\u00f3n f\u00edsica.<\/strong><\/p>\n\n\n\n<p class=\"has-background has-medium-font-size\" style=\"background-color:#c9e3e9\">La mente consciente no causa expresi\u00f3n. <strong>S\u00f3lo puede imprimir sobre el subconsciente usando repetici\u00f3n<\/strong> y <strong>fe, creencia, certeza<\/strong>. La raz\u00f3n por la cual esto es as\u00ed es que la <strong>mente consciente<\/strong> mantiene toda clase de <strong>pensamientos<\/strong> \u2013 <strong>aquellos que crees y aquellos en que no crees<\/strong>.<\/p>\n\n\n\n<p class=\"has-medium-font-size\"><strong>Es como un mono salvaje, saltando de pensamiento en pensamiento durante todo el d\u00eda.<\/strong> El subconsciente, por otro lado, mantiene s\u00f3lo lo que t\u00fa <strong>consideras como verdad para ti, lo que t\u00fa crees.<\/strong><\/p>\n\n\n\n<p class=\"has-background has-medium-font-size\" style=\"background-color:#c9e3e9\"><strong>Mantiene a los pensamientos auspiciantes. <\/strong>Por esa raz\u00f3n s\u00f3lo el <strong>subconsciente, o lo que algunos llaman el CORAZON ,<\/strong> <strong>causa expresi\u00f3n<\/strong>. Tu <strong>subconsciente<\/strong> s\u00f3lo toma la <strong>afirmaci\u00f3n<\/strong> y no la <strong>negaci\u00f3n<\/strong>. Si t\u00fa <strong>visualizaras<\/strong> poniendo una meta \u201c<strong>Yo ya no soy m\u00e1s pobre\u201d solamente tomar\u00e1 la palabra \u201cpobre\u201d<\/strong>yo ya no estoy \u00ab<strong>enfermo<\/strong>\u00bb etc&nbsp;<\/p>\n\n\n\n<p class=\"has-medium-font-size\">En lugar de eso, cambia a algo as\u00ed como \u201c<strong>Yo soy pr\u00f3spero , acaudalado y abundante\u201d \u00bb yo soy sano y feliz\u00bb&nbsp; \u00bb yo tengo la vida maravillosa que quiero\u00bb<\/strong>&nbsp; El subconsciente no interioriza el \u201c<strong>NO<\/strong> \u201d, no interioriza sentencias negadas.&nbsp; <strong>S\u00f3lo interioriza \u201cYo soy\u201d algo, NO&nbsp; \u201cYo no soy\u201d algo.<\/strong> Est\u00e1s <strong>visualizando<\/strong> tus <strong>metas<\/strong>, m\u00edrate a ti mismo en posesi\u00f3n de lo que deseas. Di y piensa \u201c<strong>Yo soy\u201d, no \u201cyo ser\u00e9\u201d. Esto es critico. \u201cYo soy\u201d es cient\u00edficamente asi de esta manera.<\/strong><\/p>\n\n\n\n<p class=\"has-large-font-size\"><strong>RECUERDA<\/strong>&nbsp; <\/p>\n\n\n\n<p class=\"has-background has-medium-font-size\" style=\"background-color:#c9e3e9\"><strong>El Ahora es el \u00fanico momento que existe, todos los otros son ilusiones. No Manteniendo constantes todas las dem\u00e1s variables, un individuo \u00f3 una sociedad alcanzar\u00e1n la riqueza y la felicidad si tienen im\u00e1genes positivas y grandiosas de la manera correcta.<\/strong><\/p>\n\n\n\n<p>Traducido <\/p>\n\n\n\n<p>Nos vemos en la pr\u00f3xima Nota ! <\/p>\n\n\n<div class=\"wp-block-image\">\n<figure class=\"aligncenter size-full\"><a href=\"https:\/\/marondin.com\/blogradio\/wp-content\/uploads\/2026\/01\/frase-3.png\"><img loading=\"lazy\" decoding=\"async\" width=\"664\" height=\"193\" src=\"https:\/\/marondin.com\/blogradio\/wp-content\/uploads\/2026\/01\/frase-3.png\" alt=\"\" class=\"wp-image-15\" srcset=\"https:\/\/marondin.com\/blogradio\/wp-content\/uploads\/2026\/01\/frase-3.png 664w, https:\/\/marondin.com\/blogradio\/wp-content\/uploads\/2026\/01\/frase-3-300x87.png 300w\" sizes=\"auto, (max-width: 664px) 100vw, 664px\" \/><\/a><\/figure>\n<\/div>\n\n\n<center><audio src=\"https:\/\/server.laradio.online:59645\/live\" controls=\"\" preload=\"\"><\/audio><\/center>\n\n\n\n<p id=\"block-b56f7dcb-c3dd-4936-a10f-2b73f20ff2a2\"><em>VISITA NUESTRA RADIO HACIENDO CLIC EN LA IMAGEN<br>O escucha desde el reproductor TAMBIEN pod\u00e9s bajarte la aplicaci\u00f3n desde Google play haciendo <a href=\"https:\/\/play.google.com\/store\/apps\/details?id=argentinastream.com.radiopiso6ok\">clic aqui<\/a><\/em><\/p>\n\n\n\n<figure class=\"wp-block-image size-full\"><a href=\"https:\/\/marondin.com\/blogradio\/wp-content\/uploads\/2026\/02\/TOPE-RADIO-0.png\"><img loading=\"lazy\" decoding=\"async\" width=\"1015\" height=\"351\" src=\"https:\/\/marondin.com\/blogradio\/wp-content\/uploads\/2026\/02\/TOPE-RADIO-0.png\" alt=\"\" class=\"wp-image-97\" srcset=\"https:\/\/marondin.com\/blogradio\/wp-content\/uploads\/2026\/02\/TOPE-RADIO-0.png 1015w, https:\/\/marondin.com\/blogradio\/wp-content\/uploads\/2026\/02\/TOPE-RADIO-0-300x104.png 300w, https:\/\/marondin.com\/blogradio\/wp-content\/uploads\/2026\/02\/TOPE-RADIO-0-768x266.png 768w, https:\/\/marondin.com\/blogradio\/wp-content\/uploads\/2026\/02\/TOPE-RADIO-0-500x173.png 500w\" sizes=\"auto, (max-width: 1015px) 100vw, 1015px\" \/><\/a><\/figure>\n\n\n\n<figure class=\"wp-block-image size-full\"><a href=\"https:\/\/marondin.com\/blogradio\/wp-content\/uploads\/2026\/02\/PUBLICITA.png\"><img loading=\"lazy\" decoding=\"async\" width=\"720\" height=\"378\" src=\"https:\/\/marondin.com\/blogradio\/wp-content\/uploads\/2026\/02\/PUBLICITA.png\" alt=\"\" class=\"wp-image-104\" srcset=\"https:\/\/marondin.com\/blogradio\/wp-content\/uploads\/2026\/02\/PUBLICITA.png 720w, https:\/\/marondin.com\/blogradio\/wp-content\/uploads\/2026\/02\/PUBLICITA-300x158.png 300w, https:\/\/marondin.com\/blogradio\/wp-content\/uploads\/2026\/02\/PUBLICITA-500x263.png 500w\" sizes=\"auto, (max-width: 720px) 100vw, 720px\" \/><\/a><\/figure>\n\n\n\n<p><strong><em>Este BLOG Digital y nuestra RADIO No tienen vinculaci\u00f3n con ninguna ideolog\u00eda, movimiento, organizaci\u00f3n, religi\u00f3n o secta, s\u00f3lo busca la verdad y la libertad de la humanidad<\/em><\/strong><\/p>\n\n\n\n<p><sub><em><strong>Si queres apoyarnos con tu donaci\u00f3n Cuenta Banco Provincia: 4021-507693\/5<\/strong><\/em><\/sub><\/p>\n","protected":false},"excerpt":{"rendered":"<p>Tu vida son de tus im\u00e1genes, tus IMAGINACIONES , expresadas en cosas f\u00edsicas. M\u00e1s precisamente, es la manifestaci\u00f3n en el mundo f\u00edsico de las visiones en las que m\u00e1s crees, buenas y malas, conscientes \u00f3 inconscientes. Entusi\u00e1smate con tus im\u00e1genes. &hellip; <a href=\"https:\/\/marondin.com\/blogradio\/la-forma-correcta-de-pensar-en-lo-que-queremos\/\">Sigue leyendo <span class=\"meta-nav\">&rarr;<\/span><\/a><\/p>\n","protected":false},"author":2,"featured_media":0,"comment_status":"open","ping_status":"open","sticky":false,"template":"","format":"standard","meta":{"footnotes":""},"categories":[23],"tags":[],"class_list":["post-388","post","type-post","status-publish","format-standard","hentry","category-marondin-y-su-realidad-viva"],"_links":{"self":[{"href":"https:\/\/marondin.com\/blogradio\/wp-json\/wp\/v2\/posts\/388","targetHints":{"allow":["GET"]}}],"collection":[{"href":"https:\/\/marondin.com\/blogradio\/wp-json\/wp\/v2\/posts"}],"about":[{"href":"https:\/\/marondin.com\/blogradio\/wp-json\/wp\/v2\/types\/post"}],"author":[{"embeddable":true,"href":"https:\/\/marondin.com\/blogradio\/wp-json\/wp\/v2\/users\/2"}],"replies":[{"embeddable":true,"href":"https:\/\/marondin.com\/blogradio\/wp-json\/wp\/v2\/comments?post=388"}],"version-history":[{"count":10,"href":"https:\/\/marondin.com\/blogradio\/wp-json\/wp\/v2\/posts\/388\/revisions"}],"predecessor-version":[{"id":399,"href":"https:\/\/marondin.com\/blogradio\/wp-json\/wp\/v2\/posts\/388\/revisions\/399"}],"wp:attachment":[{"href":"https:\/\/marondin.com\/blogradio\/wp-json\/wp\/v2\/media?parent=388"}],"wp:term":[{"taxonomy":"category","embeddable":true,"href":"https:\/\/marondin.com\/blogradio\/wp-json\/wp\/v2\/categories?post=388"},{"taxonomy":"post_tag","embeddable":true,"href":"https:\/\/marondin.com\/blogradio\/wp-json\/wp\/v2\/tags?post=388"}],"curies":[{"name":"wp","href":"https:\/\/api.w.org\/{rel}","templated":true}]}}