{"id":376,"date":"2026-04-23T09:44:34","date_gmt":"2026-04-23T09:44:34","guid":{"rendered":"https:\/\/marondin.com\/blogradio\/?p=376"},"modified":"2026-04-23T09:44:34","modified_gmt":"2026-04-23T09:44:34","slug":"autoliberacion-interior","status":"publish","type":"post","link":"https:\/\/marondin.com\/blogradio\/autoliberacion-interior\/","title":{"rendered":"AUTOLIBERACION INTERIOR"},"content":{"rendered":"\n<figure class=\"wp-block-image size-full\"><a href=\"https:\/\/marondin.com\/blogradio\/wp-content\/uploads\/2026\/03\/photo_2026-03-07_20-38-01.jpg\"><img loading=\"lazy\" decoding=\"async\" width=\"698\" height=\"293\" src=\"https:\/\/marondin.com\/blogradio\/wp-content\/uploads\/2026\/03\/photo_2026-03-07_20-38-01.jpg\" alt=\"\" class=\"wp-image-264\" srcset=\"https:\/\/marondin.com\/blogradio\/wp-content\/uploads\/2026\/03\/photo_2026-03-07_20-38-01.jpg 698w, https:\/\/marondin.com\/blogradio\/wp-content\/uploads\/2026\/03\/photo_2026-03-07_20-38-01-300x126.jpg 300w, https:\/\/marondin.com\/blogradio\/wp-content\/uploads\/2026\/03\/photo_2026-03-07_20-38-01-500x210.jpg 500w\" sizes=\"auto, (max-width: 698px) 100vw, 698px\" \/><\/a><\/figure>\n\n\n\n\n\n<p class=\"has-medium-font-size\"> Les ruego,\u00a0 <strong>tomen unos minutos para leer esto que expongo aqui .\u00a0 <\/strong>Gracias  \u00abParrafo tomado del libro del padre Antonhy de Mello \u00abAutoliberacion interior\u00bb:<\/p>\n\n\n<div class=\"wp-block-image\">\n<figure class=\"aligncenter size-full is-resized\"><a href=\"https:\/\/marondin.com\/blogradio\/wp-content\/uploads\/2026\/04\/descarga-1.jpg\"><img loading=\"lazy\" decoding=\"async\" width=\"185\" height=\"148\" src=\"https:\/\/marondin.com\/blogradio\/wp-content\/uploads\/2026\/04\/descarga-1.jpg\" alt=\"\" class=\"wp-image-381\" style=\"aspect-ratio:1.2274517934895293;width:230px;height:auto\"\/><\/a><\/figure>\n<\/div>\n\n\n<p class=\"has-background has-medium-font-size\" style=\"background-color:#f1e2fb\">\u00abTu eres el que ha de elegir tu propia reacci\u00f3n frente a las cosas, situaciones y personas, no los h\u00e1bitos ni tu cultura. Si sigues programado tienes que saber ver que esa programaci\u00f3n <strong>es el control del que se vale la sociedad para imponerte sus criterios. <\/strong><\/p>\n\n\n\n<p class=\"has-medium-font-size\">Estamos siendo controlados en la medida en que seguimos <strong>DORMIDOS<\/strong>: por el consumismo, por la pol\u00edtica, por el poder, por el trabajo y por el Ocio. Las competiciones han pasado de ser un juego entretenido y saludable a ser actos de Odio. Antes se jugaba por el puro placer de jugar, ahora en las competiciones, <strong>se contamino el deporte con el veneno de Vencer y elevarse por encima del vencido<\/strong>. <\/p>\n\n\n<div class=\"wp-block-image\">\n<figure class=\"aligncenter size-full is-resized\"><a href=\"https:\/\/marondin.com\/blogradio\/wp-content\/uploads\/2026\/04\/images-2.jpg\"><img loading=\"lazy\" decoding=\"async\" width=\"201\" height=\"251\" src=\"https:\/\/marondin.com\/blogradio\/wp-content\/uploads\/2026\/04\/images-2.jpg\" alt=\"\" class=\"wp-image-380\" style=\"aspect-ratio:0.8118018302303566;width:297px;height:auto\"\/><\/a><\/figure>\n<\/div>\n\n\n<p class=\"has-background has-medium-font-size\" style=\"background-color:#f1e2fb\">Lo mejor del hombre es el amor, y no lograr una marca, humillando a los vencidos. \u00abYo soy mejor que tu y por ello consigo la admiraci\u00f3n y la fama; pero en que eres mejor que Yo? En correr? En saltar? En meter una bola  dentro de un cesto ??? Y eso, para que sirve ?? Amas con ellos?\u2026 <\/p>\n\n\n\n<p class=\"has-medium-font-size\"><strong>Te haces mejor persona ?<\/strong> Lo peor de todo esto sin las comparaciones que miden al hombre ajust\u00e1ndolo a una medida Ideal, r\u00edgida, y ponen en acercarse a ese modelo del \u00eddolo, toda energ\u00eda y todo condicionamiento; <strong>para que? <\/strong>Para que resplandezcan los valores aut\u00e9nticos genuinos. <\/p>\n\n\n\n<p class=\"has-background has-medium-font-size\" style=\"background-color:#f1e2fb\">Vivimos en una era adoctrinada. Hasta al papa al asistir a una consagraci\u00f3n de cardenales se le escapo decir: \u00bb estos 150 cardenales que han tenido el honor de ser elegidos\u2026<strong>\u00bb Es un honor ser elegidos\u2026 ? No es mas bien un Servicio ???\u00a0<\/strong><br><strong>Estamos adoctrinados y nos dejamos arrastrar por las programaciones.<\/strong><\/p>\n\n\n\n<p class=\"has-medium-font-size\"><strong>\u00a0<\/strong><br>Vivir libremente siendo due\u00f1o de uno mismo , es <strong>no dejarse llevar ni por situaciones cosas o persona alguna. <\/strong>Saber que nada ni nadie tiene poder sobre uno ni sobre sus decisiones.<\/p>\n\n\n\n<blockquote class=\"wp-block-quote is-layout-flow wp-block-quote-is-layout-flow\">\n<p class=\"has-background has-medium-font-size\" style=\"background-color:#f1e2fb\">\u00bb Lo contrario del miedo es el amor donde existe amor, no hay miedo y el que no tiene Miedo alguno no teme la\u00a0 violencia , porque el no tiene violencia alguna. Toda violencia viene del miedo \u2026 Y crea mas violencia \u2026 \u00bb\u00a0<\/p>\n<\/blockquote>\n\n\n\n<p class=\"has-medium-font-size\"> <strong>Padre Antonhy de Mello nacido en la India<\/strong> toda su obra se dirigi\u00f3 a lograr una s\u00edntesis entre la espiritualidad de oriente y occidente, en beneficio de la <strong>LIBERTAD<\/strong> y la realizacion total de la persona,( encontrando el camino correcto.) Despertar a estas posibilidades era el objetivo de <strong>sus antolog\u00edas de cuentos tomados de la tradicion cristiana budista y sufi.<\/strong> <\/p>\n\n\n\n<p class=\"has-background has-medium-font-size\" style=\"background-color:#f1e2fb\">Se dedico siempre a la <strong>Autoliberacion interior del ser humano y el despertar de la conciencia<\/strong>, <strong>Psic\u00f3logo y te\u00f3logo<\/strong>. En su deseo de llegar a las raices de la persona hace planteamientos radicales. Reitera siempre en sus charlas y<strong> libros que se DEBE cuestionar todo! <\/strong>,\u00a0 tiene contacto profundo con las religiones milenarias de oriente.\u00a0<\/p>\n\n\n<div class=\"wp-block-image\">\n<figure class=\"aligncenter size-full is-resized\"><a href=\"https:\/\/marondin.com\/blogradio\/wp-content\/uploads\/2026\/04\/images-1.jpg\"><img loading=\"lazy\" decoding=\"async\" width=\"179\" height=\"281\" src=\"https:\/\/marondin.com\/blogradio\/wp-content\/uploads\/2026\/04\/images-1.jpg\" alt=\"\" class=\"wp-image-379\" style=\"aspect-ratio:0.6551329711181012;width:260px;height:auto\"\/><\/a><\/figure>\n<\/div>\n\n\n<p class=\"has-white-background-color has-background has-medium-font-size\">Los invito a leer esta nota aca abajo, donde la iglesia lo califica de alejado del catolicismo ,\u00a0 <strong>y por que se le hace este planteamiento?\u00a0 , <\/strong>porque muchos conceptos de sus libros\u00a0 eran <strong>orientales, budistas, sufies , de la india,\u00a0 etc <\/strong>no olvidemos que el nace en la India . Y luego fue sacerdote jesuita, siempre muy rebelde, el tema es que <strong>con sus libros el despert\u00f3 a mucha gente , <\/strong>que luego dejo la religi\u00f3n cat\u00f3lica y cristiana para comenzar un camino de busqueda interior que el califica de <strong>Auto liberaci\u00f3n interior<\/strong>, fue un gran maestro para mi en mi camino\u2026\u00a0<\/p>\n\n\n\n<p class=\"has-background has-medium-font-size\" style=\"background-color:#f1e2fb\">El libro de compilaciones llamado <strong>Autoliberacion interior,<\/strong> de donde saque el texto  , hizo que pudiera ver mas claro muchas de las respuestas que buscaba , gui\u00e1ndome de esta forma a las religiones orientales milenarias <strong>hasta encontrar el camino correcto .\u00a0<\/strong><br><strong>Por eso le dedico este espacio.\u00a0<\/strong><\/p>\n\n\n\n<p class=\"has-medium-font-size\"><br><strong>He aqui lo que se decide en 1997,\u00a0 10 a\u00f1os despues de su muerte ! Todavia le tienen \u00abmiedo\u00bb! <\/strong>:\u00a0 <\/p>\n\n\n\n<p class=\"has-background has-medium-font-size\" style=\"background-color:#f1e2fb\">\u00abla Congregaci\u00f3n para la Doctrina de la Fe presidida por Joseph Ratzinger se pronunciara al respecto y <strong>el 22 de agosto de 1998 emiti\u00f3 su juicio sobre las obras de este\u00a0 sacerdote jesuita oriundo de la India.\u00a0<\/strong><\/p>\n\n\n\n<p class=\"has-medium-font-size\"><strong>CONTROVERSIAS<\/strong> <\/p>\n\n\n\n<p class=\"has-medium-font-size\">La Iglesia Cat\u00f3lica revis\u00f3 la obra de De Mello en 1998 y lleg\u00f3 a la conclusi\u00f3n de que su pensamiento era incompatible con la Iglesia. <strong>La Congregaci\u00f3n, que act\u00faa en nombre del Papa, <\/strong>calific\u00f3 las obras del Padre De Mello como <strong>\u00abincompatibles con la fe cat\u00f3lica\u00bb <\/strong>y causa de \u00abgrave da\u00f1o\u00bb para los fieles. La notificaci\u00f3n, aprobada por el <strong>Papa Juan Pablo II<\/strong>, a\u00f1ade que las obras del Padre De Mello, muestran \u00abun alejamiento progresivo de los contenidos esenciales de la fe cristiana\u00bb e indica que para este autor \u00abla Iglesia habr\u00eda perdido la autoridad para ense\u00f1ar en nombre de Cristo\u00bb.\u00a0<\/p>\n\n\n\n<p class=\"has-background has-medium-font-size\" style=\"background-color:#f1e2fb\">Juzguen ustedes mismos , por sus textos,<strong> creo que los que hacen da\u00f1o son ellos <\/strong>y <strong>jamas Antonhy de Mello, <\/strong>que muy por el contrario <strong>quer\u00eda sacar el miedo y la culpa sembrados en las masas por las religiones monoteistas<\/strong> judeocristianas. <strong>En sus muchas charlas y disertaciones aclaraba :<\/strong><\/p>\n\n\n\n<h2 class=\"wp-block-heading has-text-align-center has-medium-font-size\"> \u00abSOMOS LEONES NO OVEJAS !!!\u00bb <\/h2>\n\n\n\n<p class=\"has-background has-medium-font-size\" style=\"background-color:#f1e2fb\">Esta frase resume la esencia de la ense\u00f1anza de De Mello: <strong>romper con el condicionamiento social y la mentalidad de reba\u00f1o<\/strong><\/p>\n\n\n\n<ul class=\"wp-block-list\">\n<li class=\"has-medium-font-size\"><strong>La Met\u00e1fora del Le\u00f3n:<\/strong>\u00a0De Mello utiliza la imagen de despertar para reconocer nuestra verdadera naturaleza,<strong> salir del miedo <\/strong>y dejar de ser v\u00edctimas de las circunstancias o seguidores ciegos.\n<ul class=\"wp-block-list\">\n<li class=\"has-medium-font-size\"><strong>Significado del Despertar:<\/strong>\u00a0Se trata de una invitaci\u00f3n a la <strong>responsabilidad personal<\/strong>, la <strong>autoconsciencia <\/strong>y a <strong>liberarse <\/strong>de la necesidad de <strong>aprobaci\u00f3n externa.<\/strong><\/li>\n<\/ul>\n<\/li>\n<\/ul>\n\n\n\n<p class=\"has-text-align-left\"><br> Gracias y hasta la pr\u00f3xima! MG<\/p>\n\n\n<div class=\"wp-block-image\">\n<figure class=\"aligncenter size-full\"><a href=\"https:\/\/marondin.com\/blogradio\/wp-content\/uploads\/2026\/01\/frase-3.png\"><img loading=\"lazy\" decoding=\"async\" width=\"664\" height=\"193\" src=\"https:\/\/marondin.com\/blogradio\/wp-content\/uploads\/2026\/01\/frase-3.png\" alt=\"\" class=\"wp-image-15\" srcset=\"https:\/\/marondin.com\/blogradio\/wp-content\/uploads\/2026\/01\/frase-3.png 664w, https:\/\/marondin.com\/blogradio\/wp-content\/uploads\/2026\/01\/frase-3-300x87.png 300w\" sizes=\"auto, (max-width: 664px) 100vw, 664px\" \/><\/a><\/figure>\n<\/div>\n\n\n<center><audio src=\"https:\/\/server.laradio.online:59645\/live\" controls=\"\" preload=\"\"><\/audio><\/center>\n\n\n<div class=\"wp-block-image\">\n<figure class=\"aligncenter size-full\"><a href=\"https:\/\/radio.marondin.com\/\"><img loading=\"lazy\" decoding=\"async\" width=\"1015\" height=\"351\" src=\"https:\/\/marondin.com\/blogradio\/wp-content\/uploads\/2026\/02\/TOPE-RADIO-0.png\" alt=\"\" class=\"wp-image-97\" srcset=\"https:\/\/marondin.com\/blogradio\/wp-content\/uploads\/2026\/02\/TOPE-RADIO-0.png 1015w, https:\/\/marondin.com\/blogradio\/wp-content\/uploads\/2026\/02\/TOPE-RADIO-0-300x104.png 300w, https:\/\/marondin.com\/blogradio\/wp-content\/uploads\/2026\/02\/TOPE-RADIO-0-768x266.png 768w, https:\/\/marondin.com\/blogradio\/wp-content\/uploads\/2026\/02\/TOPE-RADIO-0-500x173.png 500w\" sizes=\"auto, (max-width: 1015px) 100vw, 1015px\" \/><\/a><\/figure>\n<\/div>\n\n<div class=\"wp-block-image\">\n<figure class=\"aligncenter size-full\"><a href=\"https:\/\/marondin.com\/blogradio\/wp-content\/uploads\/2026\/02\/PUBLICITA.png\"><img loading=\"lazy\" decoding=\"async\" width=\"720\" height=\"378\" src=\"https:\/\/marondin.com\/blogradio\/wp-content\/uploads\/2026\/02\/PUBLICITA.png\" alt=\"\" class=\"wp-image-104\" srcset=\"https:\/\/marondin.com\/blogradio\/wp-content\/uploads\/2026\/02\/PUBLICITA.png 720w, https:\/\/marondin.com\/blogradio\/wp-content\/uploads\/2026\/02\/PUBLICITA-300x158.png 300w, https:\/\/marondin.com\/blogradio\/wp-content\/uploads\/2026\/02\/PUBLICITA-500x263.png 500w\" sizes=\"auto, (max-width: 720px) 100vw, 720px\" \/><\/a><\/figure>\n<\/div>\n\n\n<p><strong><em>Este BLOG Digital y nuestra RADIO No tienen vinculaci\u00f3n con ninguna ideolog\u00eda, movimiento, organizaci\u00f3n, religi\u00f3n o secta, s\u00f3lo busca la verdad y la libertad de la humanidad<\/em><\/strong><\/p>\n\n\n\n<p><sub><em><strong>Si queres apoyarnos con tu donaci\u00f3n Cuenta Banco Provincia: 4021-507693\/5<\/strong><\/em><\/sub><\/p>\n","protected":false},"excerpt":{"rendered":"<p>Les ruego,\u00a0 tomen unos minutos para leer esto que expongo aqui .\u00a0 Gracias \u00abParrafo tomado del libro del padre Antonhy de Mello \u00abAutoliberacion interior\u00bb: \u00abTu eres el que ha de elegir tu propia reacci\u00f3n frente a las cosas, situaciones y &hellip; <a href=\"https:\/\/marondin.com\/blogradio\/autoliberacion-interior\/\">Sigue leyendo <span class=\"meta-nav\">&rarr;<\/span><\/a><\/p>\n","protected":false},"author":2,"featured_media":0,"comment_status":"open","ping_status":"open","sticky":false,"template":"","format":"standard","meta":{"footnotes":""},"categories":[1],"tags":[],"class_list":["post-376","post","type-post","status-publish","format-standard","hentry","category-sin-categoria"],"_links":{"self":[{"href":"https:\/\/marondin.com\/blogradio\/wp-json\/wp\/v2\/posts\/376","targetHints":{"allow":["GET"]}}],"collection":[{"href":"https:\/\/marondin.com\/blogradio\/wp-json\/wp\/v2\/posts"}],"about":[{"href":"https:\/\/marondin.com\/blogradio\/wp-json\/wp\/v2\/types\/post"}],"author":[{"embeddable":true,"href":"https:\/\/marondin.com\/blogradio\/wp-json\/wp\/v2\/users\/2"}],"replies":[{"embeddable":true,"href":"https:\/\/marondin.com\/blogradio\/wp-json\/wp\/v2\/comments?post=376"}],"version-history":[{"count":3,"href":"https:\/\/marondin.com\/blogradio\/wp-json\/wp\/v2\/posts\/376\/revisions"}],"predecessor-version":[{"id":382,"href":"https:\/\/marondin.com\/blogradio\/wp-json\/wp\/v2\/posts\/376\/revisions\/382"}],"wp:attachment":[{"href":"https:\/\/marondin.com\/blogradio\/wp-json\/wp\/v2\/media?parent=376"}],"wp:term":[{"taxonomy":"category","embeddable":true,"href":"https:\/\/marondin.com\/blogradio\/wp-json\/wp\/v2\/categories?post=376"},{"taxonomy":"post_tag","embeddable":true,"href":"https:\/\/marondin.com\/blogradio\/wp-json\/wp\/v2\/tags?post=376"}],"curies":[{"name":"wp","href":"https:\/\/api.w.org\/{rel}","templated":true}]}}