{"id":138,"date":"2026-02-09T10:44:36","date_gmt":"2026-02-09T10:44:36","guid":{"rendered":"https:\/\/marondin.com\/blogradio\/?p=138"},"modified":"2026-03-08T00:09:36","modified_gmt":"2026-03-08T00:09:36","slug":"__trashed","status":"publish","type":"post","link":"https:\/\/marondin.com\/blogradio\/__trashed\/","title":{"rendered":"COLOR EN LA VIDA"},"content":{"rendered":"\n<figure class=\"wp-block-image size-full is-resized is-style-rounded\"><a href=\"https:\/\/marondin.com\/blogradio\/wp-content\/uploads\/2026\/02\/1000083064.jpg\"><img loading=\"lazy\" decoding=\"async\" width=\"860\" height=\"786\" src=\"https:\/\/marondin.com\/blogradio\/wp-content\/uploads\/2026\/02\/1000083064.jpg\" alt=\"\" class=\"wp-image-139\" style=\"aspect-ratio:1.0918614020950845;width:129px;height:auto\" srcset=\"https:\/\/marondin.com\/blogradio\/wp-content\/uploads\/2026\/02\/1000083064.jpg 860w, https:\/\/marondin.com\/blogradio\/wp-content\/uploads\/2026\/02\/1000083064-300x274.jpg 300w, https:\/\/marondin.com\/blogradio\/wp-content\/uploads\/2026\/02\/1000083064-768x702.jpg 768w, https:\/\/marondin.com\/blogradio\/wp-content\/uploads\/2026\/02\/1000083064-328x300.jpg 328w\" sizes=\"auto, (max-width: 860px) 100vw, 860px\" \/><\/a><\/figure>\n\n\n\n<p><strong><sub>ANA RECORDANDO EN MISION \/ COLUMNISTA<\/sub><\/strong> <\/p>\n\n\n\n<script type=\"text\/javascript\" src=\"https:\/\/contador.websiteout.com\/js\/5\/5\/1122\/0\"><\/script>\n\n\n<div class=\"wp-block-image\">\n<figure class=\"aligncenter size-full is-resized\"><a href=\"https:\/\/marondin.com\/blogradio\/wp-content\/uploads\/2026\/02\/1.jpg\"><img loading=\"lazy\" decoding=\"async\" width=\"797\" height=\"279\" src=\"https:\/\/marondin.com\/blogradio\/wp-content\/uploads\/2026\/02\/1.jpg\" alt=\"\" class=\"wp-image-142\" style=\"aspect-ratio:2.7434894924247715;width:375px;height:auto\" srcset=\"https:\/\/marondin.com\/blogradio\/wp-content\/uploads\/2026\/02\/1.jpg 797w, https:\/\/marondin.com\/blogradio\/wp-content\/uploads\/2026\/02\/1-300x105.jpg 300w, https:\/\/marondin.com\/blogradio\/wp-content\/uploads\/2026\/02\/1-768x269.jpg 768w, https:\/\/marondin.com\/blogradio\/wp-content\/uploads\/2026\/02\/1-500x175.jpg 500w\" sizes=\"auto, (max-width: 797px) 100vw, 797px\" \/><\/a><\/figure>\n<\/div>\n\n\n<p class=\"has-black-color has-blush-light-purple-gradient-background has-text-color has-background has-link-color has-medium-font-size wp-elements-30324572f60d795d8c09431e08a9b4b6\">Muchas veces me pregunto por mi <strong>fascinaci\u00f3n<\/strong> con el color. Mientras realizaba un trabajo con acuarelas, ha venido a mi mente <strong>un recuerdo de aquellos a\u00f1os \u201960 y \u201970<\/strong>\u2026 de los vestidos, de los estampados, de la m\u00fasica, de mi forma de mirar al mundo. <\/p>\n\n\n<div class=\"wp-block-image\">\n<figure class=\"aligncenter size-large is-resized\"><a href=\"https:\/\/marondin.com\/blogradio\/wp-content\/uploads\/2026\/02\/photo_6_2026-02-10_17-49-03.jpg\"><img loading=\"lazy\" decoding=\"async\" width=\"599\" height=\"1024\" src=\"https:\/\/marondin.com\/blogradio\/wp-content\/uploads\/2026\/02\/photo_6_2026-02-10_17-49-03-599x1024.jpg\" alt=\"\" class=\"wp-image-148\" style=\"aspect-ratio:0.5905414773164908;width:325px;height:auto\" srcset=\"https:\/\/marondin.com\/blogradio\/wp-content\/uploads\/2026\/02\/photo_6_2026-02-10_17-49-03-599x1024.jpg 599w, https:\/\/marondin.com\/blogradio\/wp-content\/uploads\/2026\/02\/photo_6_2026-02-10_17-49-03-175x300.jpg 175w, https:\/\/marondin.com\/blogradio\/wp-content\/uploads\/2026\/02\/photo_6_2026-02-10_17-49-03.jpg 688w\" sizes=\"auto, (max-width: 599px) 100vw, 599px\" \/><\/a><\/figure>\n<\/div>\n\n\n<p class=\"has-black-color has-white-background-color has-text-color has-background has-link-color has-medium-font-size wp-elements-5bde16397c990ff737ed957ada8b1483\">El mundo de la<strong> psicodelia de los hippies<\/strong>\u2026. Un mundo<strong> lleno de color, <\/strong>color vibrante, irreverente, compulsivo; en definitiva lleno de vida.<\/p>\n\n\n\n<p class=\"has-background has-medium-font-size\" style=\"background:linear-gradient(135deg,rgb(255,245,203) 0%,rgb(182,227,212) 81%,rgb(51,167,181) 100%)\"><strong>Ese mundo de mis primeros a\u00f1os impregn\u00f3 mi ser,<\/strong> <strong>lo enamor\u00f3 por el color.<\/strong> Y aunque <strong>la TV a\u00fan era en blanco y negro,<\/strong> en el kiosco ten\u00edamos <strong>\u201clas revistas del coraz\u00f3n\u201d <\/strong>que devolv\u00edan los grises televisivos <strong>al espectro maravilloso del arco iris.<\/strong><\/p>\n\n\n<div class=\"wp-block-image\">\n<figure class=\"aligncenter size-full is-resized\"><a href=\"https:\/\/marondin.com\/blogradio\/wp-content\/uploads\/2026\/02\/photo_5_2026-02-10_17-49-03.jpg\"><img loading=\"lazy\" decoding=\"async\" width=\"716\" height=\"972\" src=\"https:\/\/marondin.com\/blogradio\/wp-content\/uploads\/2026\/02\/photo_5_2026-02-10_17-49-03.jpg\" alt=\"\" class=\"wp-image-147\" style=\"aspect-ratio:0.7409537457809289;width:300px;height:auto\" srcset=\"https:\/\/marondin.com\/blogradio\/wp-content\/uploads\/2026\/02\/photo_5_2026-02-10_17-49-03.jpg 716w, https:\/\/marondin.com\/blogradio\/wp-content\/uploads\/2026\/02\/photo_5_2026-02-10_17-49-03-221x300.jpg 221w\" sizes=\"auto, (max-width: 716px) 100vw, 716px\" \/><\/a><\/figure>\n<\/div>\n\n\n<p class=\"has-white-background-color has-background has-medium-font-size\">Y gracias a esas revistas, <strong>pudimos conocer de primera mano aquel bonito vestido que llev\u00f3 la cantante Massiel en el Festival de Eurovisi\u00f3n<\/strong>, representando a Espa\u00f1a con la canci\u00f3n \u201cLa, la, la\u201d &nbsp;y que gan\u00f3 en el 1968.<\/p>\n\n\n<div class=\"wp-block-image\">\n<figure class=\"aligncenter size-full is-resized\"><a href=\"https:\/\/marondin.com\/blogradio\/wp-content\/uploads\/2026\/02\/photo_4_2026-02-10_17-49-03.jpg\"><img loading=\"lazy\" decoding=\"async\" width=\"944\" height=\"805\" src=\"https:\/\/marondin.com\/blogradio\/wp-content\/uploads\/2026\/02\/photo_4_2026-02-10_17-49-03.jpg\" alt=\"\" class=\"wp-image-146\" style=\"aspect-ratio:1.1682076285043257;width:367px;height:auto\" srcset=\"https:\/\/marondin.com\/blogradio\/wp-content\/uploads\/2026\/02\/photo_4_2026-02-10_17-49-03.jpg 944w, https:\/\/marondin.com\/blogradio\/wp-content\/uploads\/2026\/02\/photo_4_2026-02-10_17-49-03-300x256.jpg 300w, https:\/\/marondin.com\/blogradio\/wp-content\/uploads\/2026\/02\/photo_4_2026-02-10_17-49-03-768x655.jpg 768w, https:\/\/marondin.com\/blogradio\/wp-content\/uploads\/2026\/02\/photo_4_2026-02-10_17-49-03-352x300.jpg 352w\" sizes=\"auto, (max-width: 944px) 100vw, 944px\" \/><\/a><\/figure>\n<\/div>\n\n\n<p class=\"has-medium-font-size\"><strong>ACTUALMENTE HEMOS PERDIDO ESE COLOR <\/strong><\/p>\n\n\n\n<p class=\"has-background has-medium-font-size\" style=\"background:linear-gradient(212deg,rgb(254,205,165) 0%,rgb(254,45,45) 87%,rgb(107,0,62) 100%)\">Hoy en d\u00eda en los entornos urbanos, <strong>hemos pasado al gris de las <\/strong>ciudades,&nbsp;representado <strong>por la predominancia de infraestructuras de <\/strong><em><strong>hormig\u00f3n, asfalto y la contaminaci\u00f3n atmosf\u00e9rica, intensificada adem\u00e1s por la falta de vegetaci\u00f3n.<\/strong><\/em><\/p>\n\n\n<div class=\"wp-block-image\">\n<figure class=\"aligncenter size-full is-resized\"><a href=\"https:\/\/marondin.com\/blogradio\/wp-content\/uploads\/2026\/02\/photo_3_2026-02-10_17-49-03.jpg\"><img loading=\"lazy\" decoding=\"async\" width=\"957\" height=\"604\" src=\"https:\/\/marondin.com\/blogradio\/wp-content\/uploads\/2026\/02\/photo_3_2026-02-10_17-49-03.jpg\" alt=\"\" class=\"wp-image-145\" style=\"aspect-ratio:1.5641668656954064;width:529px;height:auto\" srcset=\"https:\/\/marondin.com\/blogradio\/wp-content\/uploads\/2026\/02\/photo_3_2026-02-10_17-49-03.jpg 957w, https:\/\/marondin.com\/blogradio\/wp-content\/uploads\/2026\/02\/photo_3_2026-02-10_17-49-03-300x189.jpg 300w, https:\/\/marondin.com\/blogradio\/wp-content\/uploads\/2026\/02\/photo_3_2026-02-10_17-49-03-768x485.jpg 768w, https:\/\/marondin.com\/blogradio\/wp-content\/uploads\/2026\/02\/photo_3_2026-02-10_17-49-03-475x300.jpg 475w\" sizes=\"auto, (max-width: 957px) 100vw, 957px\" \/><\/a><\/figure>\n<\/div>\n\n\n<p class=\"has-medium-font-size\"><strong>No tan s\u00f3lo el entorno urbano se ha vuelto gris<\/strong>, <strong>sin color,<\/strong> tambi\u00e9n <strong>el vestuario y el interior de las viviendas ha perdido tono<\/strong>. <\/p>\n\n\n\n<p class=\"has-medium-font-size\">Y lo que los ojos ven act\u00faa d<strong>irectamente en nuestro cerebro,<\/strong> en nuestro <strong>\u00e1nimo<\/strong> y en nuestro <strong>subconsciente<\/strong>.<\/p>\n\n\n\n<p class=\"has-background has-medium-font-size\" style=\"background:linear-gradient(135deg,rgb(255,245,203) 0%,rgb(182,227,212) 50%,rgb(94,217,230) 100%)\"><strong>La variedad de cromatismo influye directamente en nuestra fisiolog\u00eda humana:<\/strong> en las <strong>emociones, estados de \u00e1nimo, en nuestro organismo f\u00edsico, en nuestros pensamientos<\/strong>\u2026 <\/p>\n\n\n\n<p class=\"has-text-align-center has-large-font-size\"><strong>EL COLOR ES ENERGIA ES VIBRACION <\/strong><\/p>\n\n\n\n<p class=\"has-text-align-left has-medium-font-size\">Ese entorno gris, de fealdad, <strong>afecta directamente a todo nuestro ser, <\/strong>y de una forma <strong>inconsciente, a nuestros pensamientos y creencias<\/strong>; incluso a nuestra v<strong>isi\u00f3n del mundo y de la sociedad <\/strong>en la que vivimos. <strong>La masificaci\u00f3n en ciudades grises, es una forma de programarnos mentalmente. <\/strong>No s\u00f3lo la programaci\u00f3n neuroling\u00fc\u00edstica <strong>incide<\/strong> en nuestro <strong>cerebro<\/strong>, tambi\u00e9n <strong>la programaci\u00f3n cromat\u00edstica<\/strong> est\u00e1 actuando sobre \u00e9l. <\/p>\n\n\n\n<p class=\"has-text-align-center has-large-font-size\"><strong>Y no es una acci\u00f3n inocente<\/strong><\/p>\n\n\n\n<p class=\"has-text-align-left has-background has-medium-font-size\" style=\"background:linear-gradient(28deg,rgb(255,206,236) 59%,rgb(152,150,240) 100%)\">La r<strong>epetici\u00f3n de una imagen<\/strong> (en este caso <strong>un entorno acrom\u00e1tico<\/strong>) nos crea <strong>un programa que queda impregnado en nuestra mente.<\/strong> La falta de color <strong>limita las expectativas creativas, baja el estado de \u00e1nimo, merma la autoestima y el empoderamiento en uno mismo<\/strong>, la mente se hace <strong>m\u00e1s permeable a la manipulaci\u00f3n<\/strong>&#8230;<\/p>\n\n\n<div class=\"wp-block-image\">\n<figure class=\"aligncenter size-full is-resized\"><a href=\"https:\/\/marondin.com\/blogradio\/wp-content\/uploads\/2026\/02\/photo_2_2026-02-10_17-49-03.jpg\"><img loading=\"lazy\" decoding=\"async\" width=\"609\" height=\"399\" src=\"https:\/\/marondin.com\/blogradio\/wp-content\/uploads\/2026\/02\/photo_2_2026-02-10_17-49-03.jpg\" alt=\"\" class=\"wp-image-144\" style=\"aspect-ratio:1.5085539557206997;width:507px;height:auto\" srcset=\"https:\/\/marondin.com\/blogradio\/wp-content\/uploads\/2026\/02\/photo_2_2026-02-10_17-49-03.jpg 609w, https:\/\/marondin.com\/blogradio\/wp-content\/uploads\/2026\/02\/photo_2_2026-02-10_17-49-03-300x197.jpg 300w, https:\/\/marondin.com\/blogradio\/wp-content\/uploads\/2026\/02\/photo_2_2026-02-10_17-49-03-458x300.jpg 458w\" sizes=\"auto, (max-width: 609px) 100vw, 609px\" \/><\/a><\/figure>\n<\/div>\n\n\n<p class=\"has-medium-font-size\"><strong>Hacernos conscientes de todo ello es un gran paso para recuperar qui\u00e9n realmente somos, nuestra esencia.<\/strong> El contacto con la Naturaleza: agua, tierra, aire; los colores de las flores, de los \u00e1rboles; los azules de los cielos, r\u00edos, mares\u2026. recupera nuestro cuerpo de los anodinos grises, de las estridencias de cl\u00e1xones y ruidos destroza neuronas.<\/p>\n\n\n<div class=\"wp-block-image\">\n<figure class=\"aligncenter size-full is-resized\"><a href=\"https:\/\/marondin.com\/blogradio\/wp-content\/uploads\/2026\/02\/photo_1_2026-02-10_17-49-03.jpg\"><img loading=\"lazy\" decoding=\"async\" width=\"1004\" height=\"565\" src=\"https:\/\/marondin.com\/blogradio\/wp-content\/uploads\/2026\/02\/photo_1_2026-02-10_17-49-03.jpg\" alt=\"\" class=\"wp-image-143\" style=\"aspect-ratio:1.7468326294732164;width:514px;height:auto\" srcset=\"https:\/\/marondin.com\/blogradio\/wp-content\/uploads\/2026\/02\/photo_1_2026-02-10_17-49-03.jpg 1004w, https:\/\/marondin.com\/blogradio\/wp-content\/uploads\/2026\/02\/photo_1_2026-02-10_17-49-03-300x169.jpg 300w, https:\/\/marondin.com\/blogradio\/wp-content\/uploads\/2026\/02\/photo_1_2026-02-10_17-49-03-768x432.jpg 768w, https:\/\/marondin.com\/blogradio\/wp-content\/uploads\/2026\/02\/photo_1_2026-02-10_17-49-03-500x281.jpg 500w\" sizes=\"auto, (max-width: 1004px) 100vw, 1004px\" \/><\/a><\/figure>\n<\/div>\n\n\n<p class=\"has-medium-font-size\">Tan intensa es la falta de color, que el&nbsp;Color del A\u00f1o 2026 de Pantone&nbsp;es&nbsp;<strong>Cloud Dancer (PANTONE 11-4201)<\/strong>, un blanco natural. Otro de los tonos llamados neutros.<\/p>\n\n\n<div class=\"wp-block-image\">\n<figure class=\"aligncenter size-full is-resized\"><a href=\"https:\/\/marondin.com\/blogradio\/wp-content\/uploads\/2026\/02\/photo_9_2026-02-10_17-49-03.jpg\"><img loading=\"lazy\" decoding=\"async\" width=\"932\" height=\"599\" src=\"https:\/\/marondin.com\/blogradio\/wp-content\/uploads\/2026\/02\/photo_9_2026-02-10_17-49-03.jpg\" alt=\"\" class=\"wp-image-150\" style=\"aspect-ratio:1.5369421519928033;width:521px;height:auto\" srcset=\"https:\/\/marondin.com\/blogradio\/wp-content\/uploads\/2026\/02\/photo_9_2026-02-10_17-49-03.jpg 932w, https:\/\/marondin.com\/blogradio\/wp-content\/uploads\/2026\/02\/photo_9_2026-02-10_17-49-03-300x193.jpg 300w, https:\/\/marondin.com\/blogradio\/wp-content\/uploads\/2026\/02\/photo_9_2026-02-10_17-49-03-768x494.jpg 768w, https:\/\/marondin.com\/blogradio\/wp-content\/uploads\/2026\/02\/photo_9_2026-02-10_17-49-03-467x300.jpg 467w\" sizes=\"auto, (max-width: 932px) 100vw, 932px\" \/><\/a><\/figure>\n<\/div>\n\n\n<p class=\"has-text-align-center has-text-color has-link-color has-large-font-size wp-elements-88faef05bb0e380afe478aa224e41b40\" style=\"color:#6cb86d\"><strong>Basta ya de insipideces!!!!<\/strong><\/p>\n\n\n\n<p class=\"has-text-align-center has-text-color has-background has-link-color has-large-font-size wp-elements-cd6928c1a915b29b22c780759035cc7f\" style=\"color:#f77e96;background:linear-gradient(135deg,rgb(255,245,203) 0%,rgb(182,227,212) 91%,rgb(51,167,181) 100%)\"><strong>Pongamos COLOR a nuestra vida!!!<\/strong><\/p>\n\n\n\n<p class=\"has-medium-font-size\"><strong>Nosotros somos color, pero esto ser\u00e1 en otra ocasi\u00f3n.<\/strong><\/p>\n\n\n<div class=\"wp-block-image\">\n<figure class=\"aligncenter size-full is-resized\"><a href=\"https:\/\/marondin.com\/blogradio\/wp-content\/uploads\/2026\/01\/cropped-IMG_20190121_190042.jpg\"><img loading=\"lazy\" decoding=\"async\" width=\"512\" height=\"512\" src=\"https:\/\/marondin.com\/blogradio\/wp-content\/uploads\/2026\/01\/cropped-IMG_20190121_190042.jpg\" alt=\"\" class=\"wp-image-25\" style=\"width:432px;height:auto\" srcset=\"https:\/\/marondin.com\/blogradio\/wp-content\/uploads\/2026\/01\/cropped-IMG_20190121_190042.jpg 512w, https:\/\/marondin.com\/blogradio\/wp-content\/uploads\/2026\/01\/cropped-IMG_20190121_190042-300x300.jpg 300w, https:\/\/marondin.com\/blogradio\/wp-content\/uploads\/2026\/01\/cropped-IMG_20190121_190042-150x150.jpg 150w, https:\/\/marondin.com\/blogradio\/wp-content\/uploads\/2026\/01\/cropped-IMG_20190121_190042-270x270.jpg 270w, https:\/\/marondin.com\/blogradio\/wp-content\/uploads\/2026\/01\/cropped-IMG_20190121_190042-192x192.jpg 192w, https:\/\/marondin.com\/blogradio\/wp-content\/uploads\/2026\/01\/cropped-IMG_20190121_190042-180x180.jpg 180w, https:\/\/marondin.com\/blogradio\/wp-content\/uploads\/2026\/01\/cropped-IMG_20190121_190042-32x32.jpg 32w\" sizes=\"auto, (max-width: 512px) 100vw, 512px\" \/><\/a><\/figure>\n<\/div>\n\n<div class=\"wp-block-image\">\n<figure class=\"aligncenter size-full\"><a href=\"https:\/\/marondin.com\/blogradio\/wp-content\/uploads\/2026\/01\/frase-3.png\"><img loading=\"lazy\" decoding=\"async\" width=\"664\" height=\"193\" src=\"https:\/\/marondin.com\/blogradio\/wp-content\/uploads\/2026\/01\/frase-3.png\" alt=\"\" class=\"wp-image-15\" srcset=\"https:\/\/marondin.com\/blogradio\/wp-content\/uploads\/2026\/01\/frase-3.png 664w, https:\/\/marondin.com\/blogradio\/wp-content\/uploads\/2026\/01\/frase-3-300x87.png 300w\" sizes=\"auto, (max-width: 664px) 100vw, 664px\" \/><\/a><\/figure>\n<\/div>\n\n\n<center><audio src=\"https:\/\/server.laradio.online:59645\/live\" controls=\"\" preload=\"\"><\/audio><\/center>\n\n\n<div class=\"wp-block-image\">\n<figure class=\"aligncenter size-full\"><a href=\"https:\/\/marondin.com\/blogradio\/wp-content\/uploads\/2026\/02\/TOPE-RADIO-0.png\"><img loading=\"lazy\" decoding=\"async\" width=\"1015\" height=\"351\" src=\"https:\/\/marondin.com\/blogradio\/wp-content\/uploads\/2026\/02\/TOPE-RADIO-0.png\" alt=\"\" class=\"wp-image-97\" srcset=\"https:\/\/marondin.com\/blogradio\/wp-content\/uploads\/2026\/02\/TOPE-RADIO-0.png 1015w, https:\/\/marondin.com\/blogradio\/wp-content\/uploads\/2026\/02\/TOPE-RADIO-0-300x104.png 300w, https:\/\/marondin.com\/blogradio\/wp-content\/uploads\/2026\/02\/TOPE-RADIO-0-768x266.png 768w, https:\/\/marondin.com\/blogradio\/wp-content\/uploads\/2026\/02\/TOPE-RADIO-0-500x173.png 500w\" sizes=\"auto, (max-width: 1015px) 100vw, 1015px\" \/><\/a><\/figure>\n<\/div>\n\n<div class=\"wp-block-image\">\n<figure class=\"aligncenter size-full\"><a href=\"https:\/\/marondin.com\/blogradio\/wp-content\/uploads\/2026\/02\/PUBLICITA.png\"><img loading=\"lazy\" decoding=\"async\" width=\"720\" height=\"378\" src=\"https:\/\/marondin.com\/blogradio\/wp-content\/uploads\/2026\/02\/PUBLICITA.png\" alt=\"\" class=\"wp-image-104\" srcset=\"https:\/\/marondin.com\/blogradio\/wp-content\/uploads\/2026\/02\/PUBLICITA.png 720w, https:\/\/marondin.com\/blogradio\/wp-content\/uploads\/2026\/02\/PUBLICITA-300x158.png 300w, https:\/\/marondin.com\/blogradio\/wp-content\/uploads\/2026\/02\/PUBLICITA-500x263.png 500w\" sizes=\"auto, (max-width: 720px) 100vw, 720px\" \/><\/a><\/figure>\n<\/div>\n\n\n<p><strong><em>Este BLOG Digital y nuestra RADIO No tienen vinculaci\u00f3n con ninguna ideolog\u00eda,<br>movimiento, organizaci\u00f3n, religi\u00f3n o secta, s\u00f3lo busca la verdad y la libertad de la humanidad<\/em><\/strong><\/p>\n\n\n\n<a href='https:\/\/cafecito.app\/marondin' rel='noopener' target='_blank'><img srcset='https:\/\/cdn.cafecito.app\/imgs\/buttons\/button_2.png 1x, https:\/\/cdn.cafecito.app\/imgs\/buttons\/button_2_2x.png 2x, https:\/\/cdn.cafecito.app\/imgs\/buttons\/button_2_3.75x.png 3.75x' src='https:\/\/cdn.cafecito.app\/imgs\/buttons\/button_2.png' alt='Invitame un caf\u00e9 en cafecito.app' \/><\/a>\n","protected":false},"excerpt":{"rendered":"<p>ANA RECORDANDO EN MISION \/ COLUMNISTA Muchas veces me pregunto por mi fascinaci\u00f3n con el color. Mientras realizaba un trabajo con acuarelas, ha venido a mi mente un recuerdo de aquellos a\u00f1os \u201960 y \u201970\u2026 de los vestidos, de los &hellip; <a href=\"https:\/\/marondin.com\/blogradio\/__trashed\/\">Sigue leyendo <span class=\"meta-nav\">&rarr;<\/span><\/a><\/p>\n","protected":false},"author":2,"featured_media":0,"comment_status":"open","ping_status":"open","sticky":false,"template":"","format":"standard","meta":{"footnotes":""},"categories":[12],"tags":[],"class_list":["post-138","post","type-post","status-publish","format-standard","hentry","category-recordando-en-mision"],"_links":{"self":[{"href":"https:\/\/marondin.com\/blogradio\/wp-json\/wp\/v2\/posts\/138","targetHints":{"allow":["GET"]}}],"collection":[{"href":"https:\/\/marondin.com\/blogradio\/wp-json\/wp\/v2\/posts"}],"about":[{"href":"https:\/\/marondin.com\/blogradio\/wp-json\/wp\/v2\/types\/post"}],"author":[{"embeddable":true,"href":"https:\/\/marondin.com\/blogradio\/wp-json\/wp\/v2\/users\/2"}],"replies":[{"embeddable":true,"href":"https:\/\/marondin.com\/blogradio\/wp-json\/wp\/v2\/comments?post=138"}],"version-history":[{"count":16,"href":"https:\/\/marondin.com\/blogradio\/wp-json\/wp\/v2\/posts\/138\/revisions"}],"predecessor-version":[{"id":266,"href":"https:\/\/marondin.com\/blogradio\/wp-json\/wp\/v2\/posts\/138\/revisions\/266"}],"wp:attachment":[{"href":"https:\/\/marondin.com\/blogradio\/wp-json\/wp\/v2\/media?parent=138"}],"wp:term":[{"taxonomy":"category","embeddable":true,"href":"https:\/\/marondin.com\/blogradio\/wp-json\/wp\/v2\/categories?post=138"},{"taxonomy":"post_tag","embeddable":true,"href":"https:\/\/marondin.com\/blogradio\/wp-json\/wp\/v2\/tags?post=138"}],"curies":[{"name":"wp","href":"https:\/\/api.w.org\/{rel}","templated":true}]}}